{"id":520,"date":"2016-07-03T14:22:33","date_gmt":"2016-07-03T12:22:33","guid":{"rendered":"http:\/\/asso-ocytocines.com\/fr\/?p=520"},"modified":"2017-08-14T13:43:35","modified_gmt":"2017-08-14T11:43:35","slug":"les-dynamiques-du-matin","status":"publish","type":"post","link":"http:\/\/asso-ocytocines.com\/fr\/les-dynamiques-du-matin\/","title":{"rendered":"\u00ab\u00a0Les Dynamiques\u00a0\u00bb du matin"},"content":{"rendered":"<p><span style=\"color: #ef037f;\"><strong><a href=\"http:\/\/asso-ocytocines.com\/fr\/wp-content\/uploads\/2016\/07\/07.jpg\"><img loading=\"lazy\" decoding=\"async\" class=\" size-medium wp-image-661 alignleft\" src=\"http:\/\/asso-ocytocines.com\/fr\/wp-content\/uploads\/2016\/07\/07-300x162.jpg\" alt=\"07\" width=\"300\" height=\"162\" \/><\/a><a id=\"dyn\"><\/a>R\u00e9veil dynamique du corps et de l&rsquo;esprit !<\/strong><\/span>\u00a0 Laissez aller le mental et activez dans le corps par le mouvement !<br \/>\nEffet lib\u00e9rateur et re-\u00e9nergisant pour d\u00e9marrer la journ\u00e9e en beaut\u00e9 ( inspir\u00e9 des <strong><span style=\"color: #ef037f;\">m\u00e9ditation dynamiques<\/span><\/strong> de osho, <strong><span style=\"color: #ef037f;\">m\u00e9decine tribales africaine<\/span> <\/strong>et <span style=\"color: #ef037f;\"><strong>am\u00e9rindienne<\/strong><\/span>, <span style=\"color: #ef037f;\"><strong>danse des chakras<\/strong><\/span>, <span style=\"color: #ef037f;\"><strong>qi qong<\/strong><\/span>, shaking m\u00e9decine, 5 rythmes&#8230;).<\/p>\n<p><span style=\"font-size: 12pt;\">anim\u00e9 par C\u00e9line Rouvi\u00e8re<\/span><br \/>\n<span style=\"font-size: 12pt;\"> <strong>JEUDI 9h-10h30<\/strong><\/span><br \/>\n<span style=\"font-size: 12pt;\"> TOUT PUBLIC &#8211; Au CLAP \u2013 9 av DENFERT \u00e0 Lod\u00e8ve \/ Luteva<\/span><br \/>\n<span style=\"font-size: 12pt;\"> Inscription au <strong>06 95 56 15 15<\/strong><strong><br \/>\n<\/strong><\/span><\/p>\n","protected":false},"excerpt":{"rendered":"<p>R\u00e9veil dynamique du corps et de l&rsquo;esprit !\u00a0 Laissez aller le mental et activez dans le corps par le mouvement ! Effet lib\u00e9rateur et re-\u00e9nergisant pour d\u00e9marrer la journ\u00e9e en beaut\u00e9 ( inspir\u00e9 des m\u00e9ditation dynamiques de osho, m\u00e9decine tribales &hellip; <a href=\"http:\/\/asso-ocytocines.com\/fr\/les-dynamiques-du-matin\/\">Lire la suite\u00ad\u00ad<\/a><\/p>\n","protected":false},"author":1,"featured_media":661,"comment_status":"closed","ping_status":"open","sticky":false,"template":"","format":"standard","meta":{"kt_blocks_editor_width":"","footnotes":""},"categories":[9],"tags":[],"class_list":["post-520","post","type-post","status-publish","format-standard","has-post-thumbnail","hentry","category-expression-corporelle"],"_links":{"self":[{"href":"http:\/\/asso-ocytocines.com\/fr\/wp-json\/wp\/v2\/posts\/520","targetHints":{"allow":["GET"]}}],"collection":[{"href":"http:\/\/asso-ocytocines.com\/fr\/wp-json\/wp\/v2\/posts"}],"about":[{"href":"http:\/\/asso-ocytocines.com\/fr\/wp-json\/wp\/v2\/types\/post"}],"author":[{"embeddable":true,"href":"http:\/\/asso-ocytocines.com\/fr\/wp-json\/wp\/v2\/users\/1"}],"replies":[{"embeddable":true,"href":"http:\/\/asso-ocytocines.com\/fr\/wp-json\/wp\/v2\/comments?post=520"}],"version-history":[{"count":13,"href":"http:\/\/asso-ocytocines.com\/fr\/wp-json\/wp\/v2\/posts\/520\/revisions"}],"predecessor-version":[{"id":1007,"href":"http:\/\/asso-ocytocines.com\/fr\/wp-json\/wp\/v2\/posts\/520\/revisions\/1007"}],"wp:featuredmedia":[{"embeddable":true,"href":"http:\/\/asso-ocytocines.com\/fr\/wp-json\/wp\/v2\/media\/661"}],"wp:attachment":[{"href":"http:\/\/asso-ocytocines.com\/fr\/wp-json\/wp\/v2\/media?parent=520"}],"wp:term":[{"taxonomy":"category","embeddable":true,"href":"http:\/\/asso-ocytocines.com\/fr\/wp-json\/wp\/v2\/categories?post=520"},{"taxonomy":"post_tag","embeddable":true,"href":"http:\/\/asso-ocytocines.com\/fr\/wp-json\/wp\/v2\/tags?post=520"}],"curies":[{"name":"wp","href":"https:\/\/api.w.org\/{rel}","templated":true}]}}