{"id":541,"date":"2016-07-11T14:41:14","date_gmt":"2016-07-11T12:41:14","guid":{"rendered":"http:\/\/asso-ocytocines.com\/fr\/?p=541"},"modified":"2017-08-14T13:43:07","modified_gmt":"2017-08-14T11:43:07","slug":"mouvement-authentique-bouger-sentir-sexprimer","status":"publish","type":"post","link":"http:\/\/asso-ocytocines.com\/fr\/mouvement-authentique-bouger-sentir-sexprimer\/","title":{"rendered":"Mouvement authentique &#8211; Danse de Soi : bouger, sentir, s&rsquo;exprimer&#8230;"},"content":{"rendered":"<p><span style=\"color: #ef037f;\"><strong><a href=\"http:\/\/asso-ocytocines.com\/fr\/wp-content\/uploads\/2016\/07\/authentic-movement.jpg\"><img loading=\"lazy\" decoding=\"async\" class=\" size-medium wp-image-655 alignleft\" src=\"http:\/\/asso-ocytocines.com\/fr\/wp-content\/uploads\/2016\/07\/authentic-movement-300x209.jpg\" alt=\"authentic-movement\" width=\"300\" height=\"209\" srcset=\"http:\/\/asso-ocytocines.com\/fr\/wp-content\/uploads\/2016\/07\/authentic-movement-300x209.jpg 300w, http:\/\/asso-ocytocines.com\/fr\/wp-content\/uploads\/2016\/07\/authentic-movement.jpg 604w\" sizes=\"auto, (max-width: 300px) 100vw, 300px\" \/><\/a><a id=\"mou\"><\/a>Fermer les yeux, et laisser le geste \u00e9merger.<\/strong> <\/span>Laisser monter ce qu&rsquo;il y a dans l&rsquo;instant, prendre contact avec notre \u00eatre profond, conscient et inconscient. <strong><span style=\"color: #ef037f;\">Altern\u00e9 de phases d&rsquo;expression libre sur tout support<\/span><\/strong> (dessin, peinture, \u00e9criture&#8230;)\u00a0 et<strong><span style=\"color: #ef037f;\"> partage<\/span><\/strong> de son exp\u00e9rience.<br \/>\nUne pratique d\u2019<span style=\"color: #ef037f;\"><strong>\u00e9coute de soi<\/strong><\/span> et du langage conscient ; o\u00f9 mouvement et paroles deviennent authentiques!<\/p>\n<p><span style=\"font-size: 12pt;\">anim\u00e9 par C\u00e9line Rouvi\u00e8re<\/span><br \/>\n<span style=\"font-size: 12pt;\"><strong>MARDI\u00a0<\/strong> <strong>9h-11h et JEUDI 19h30-21h30 (3 jeudis sur 4 )<\/strong><\/span><br \/>\n<span style=\"font-size: 12pt;\"> TOUT PUBLIC \u2013 Au CLAP \u2013 9 av DENFERT \u00e0 Lod\u00e8ve ou Lut\u00e9va<\/span><br \/>\n<span style=\"font-size: 12pt;\"> inscription au <strong>06 95 56 15 15<\/strong><span style=\"text-decoration: underline;\"><strong><br \/>\n<\/strong><\/span><\/span><\/p>\n","protected":false},"excerpt":{"rendered":"<p>Fermer les yeux, et laisser le geste \u00e9merger. Laisser monter ce qu&rsquo;il y a dans l&rsquo;instant, prendre contact avec notre \u00eatre profond, conscient et inconscient. Altern\u00e9 de phases d&rsquo;expression libre sur tout support (dessin, peinture, \u00e9criture&#8230;)\u00a0 et partage de son &hellip; <a href=\"http:\/\/asso-ocytocines.com\/fr\/mouvement-authentique-bouger-sentir-sexprimer\/\">Lire la suite\u00ad\u00ad<\/a><\/p>\n","protected":false},"author":1,"featured_media":655,"comment_status":"closed","ping_status":"open","sticky":false,"template":"","format":"standard","meta":{"kt_blocks_editor_width":"","footnotes":""},"categories":[9],"tags":[],"class_list":["post-541","post","type-post","status-publish","format-standard","has-post-thumbnail","hentry","category-expression-corporelle"],"_links":{"self":[{"href":"http:\/\/asso-ocytocines.com\/fr\/wp-json\/wp\/v2\/posts\/541","targetHints":{"allow":["GET"]}}],"collection":[{"href":"http:\/\/asso-ocytocines.com\/fr\/wp-json\/wp\/v2\/posts"}],"about":[{"href":"http:\/\/asso-ocytocines.com\/fr\/wp-json\/wp\/v2\/types\/post"}],"author":[{"embeddable":true,"href":"http:\/\/asso-ocytocines.com\/fr\/wp-json\/wp\/v2\/users\/1"}],"replies":[{"embeddable":true,"href":"http:\/\/asso-ocytocines.com\/fr\/wp-json\/wp\/v2\/comments?post=541"}],"version-history":[{"count":18,"href":"http:\/\/asso-ocytocines.com\/fr\/wp-json\/wp\/v2\/posts\/541\/revisions"}],"predecessor-version":[{"id":1006,"href":"http:\/\/asso-ocytocines.com\/fr\/wp-json\/wp\/v2\/posts\/541\/revisions\/1006"}],"wp:featuredmedia":[{"embeddable":true,"href":"http:\/\/asso-ocytocines.com\/fr\/wp-json\/wp\/v2\/media\/655"}],"wp:attachment":[{"href":"http:\/\/asso-ocytocines.com\/fr\/wp-json\/wp\/v2\/media?parent=541"}],"wp:term":[{"taxonomy":"category","embeddable":true,"href":"http:\/\/asso-ocytocines.com\/fr\/wp-json\/wp\/v2\/categories?post=541"},{"taxonomy":"post_tag","embeddable":true,"href":"http:\/\/asso-ocytocines.com\/fr\/wp-json\/wp\/v2\/tags?post=541"}],"curies":[{"name":"wp","href":"https:\/\/api.w.org\/{rel}","templated":true}]}}