{"id":1,"date":"2017-07-02T16:42:54","date_gmt":"2017-07-02T14:42:54","guid":{"rendered":"http:\/\/asso-ocytocines.com\/fr\/?p=1"},"modified":"2024-09-02T18:18:00","modified_gmt":"2024-09-02T16:18:00","slug":"chanson-slam","status":"publish","type":"post","link":"https:\/\/asso-ocytocines.com\/fr\/chanson-slam\/","title":{"rendered":"Atelier Ecriture, Chanson &#038; Slam"},"content":{"rendered":"<p><strong><span style=\"font-size: 14pt; color: #f02289;\"><a id=\"cha\"><\/a>DES MOTS \u00c0 L\u2019\u00c9MOTION : \u00e9crire, composer, interpr\u00e9ter et co-cr\u00e9er un cabaret !<\/span><\/strong><\/p>\n<p><strong><a href=\"http:\/\/asso-ocytocines.com\/fr\/wp-content\/uploads\/2016\/10\/P_20161107_115543_11.jpg\"><img loading=\"lazy\" decoding=\"async\" class=\"size-medium wp-image-1046 alignleft\" src=\"http:\/\/asso-ocytocines.com\/fr\/wp-content\/uploads\/2016\/10\/P_20161107_115543_11-300x169.jpg\" alt=\"\" width=\"300\" height=\"169\" srcset=\"https:\/\/asso-ocytocines.com\/fr\/wp-content\/uploads\/2016\/10\/P_20161107_115543_11-300x169.jpg 300w, https:\/\/asso-ocytocines.com\/fr\/wp-content\/uploads\/2016\/10\/P_20161107_115543_11-768x432.jpg 768w, https:\/\/asso-ocytocines.com\/fr\/wp-content\/uploads\/2016\/10\/P_20161107_115543_11-1024x576.jpg 1024w\" sizes=\"auto, (max-width: 300px) 100vw, 300px\" \/><\/a><span style=\"color: #f02289;\">Envie \u00ab\u00a0d\u2019\u00e9crire \u00e0 l\u2019oral\u00a0\u00bb, de dire sur musique ou de chanter ses textes accompagn\u00e9 \u00e0 la guitare\u2026<\/span> <\/strong><br \/>\nCet atelier vous propose d\u2019explorer le chemin de l\u2019\u00e9criture du texte \u00e0 la parole parl\u00e9e, ou chant\u00e9e, en passant par la cr\u00e9ation de m\u00e9lodie intuitive et jusqu&rsquo;\u00e0 l\u2019interpr\u00e9tation accompagn\u00e9 \u00e0 la guitare (micro et ampli ). Solo, duo, trio&#8230;<\/p>\n<p>Nous co-cr\u00e9erons, pour ceux qui le souhaitent, un Cabaret que nous pr\u00e9senterons au CLAP en d\u00e9cembre (premier jet) et en fin d&rsquo;ann\u00e9e.Nous pourrons aussi le jouer dans d&rsquo;autres lieux !<\/p>\n<p><span style=\"font-size: 12pt;\">Atelier anim\u00e9 par Laetitia Dhainault<\/span><\/p>\n<p>Possibilit\u00e9 de participer \u00e0 des <strong>spectacles en public<\/strong> soit en solo, duo ou groupe&#8230; <strong>L&rsquo;association Ocytocines organise 3 cabarets par an \u00e0 Lod\u00e8ve ouverts \u00e0 tous les \u00e9l\u00e8ves, adultes, ados, enfant qui d\u00e9sirent y participer : <a href=\"http:\/\/asso-ocytocines.com\/fr\/cabarets\/\">plus d&rsquo;info ici<\/a><\/strong><\/p>\n<p><span style=\"font-size: 12pt;\"><span style=\"color: #ef037f;\"><strong>TOUT PUBLIC<\/strong><\/span><\/span><\/p>\n<p><span style=\"font-size: 12pt;\"><span style=\"color: #ef037f;\"><strong>stage petit groupe r\u00e9alisable sur demande<\/strong><\/span> &#8211; <span style=\"text-decoration: underline;\">6 personnes maxi<\/span>\u00a0 ou <span style=\"color: #ff00ff;\"><strong>accompagnement en <span style=\"text-decoration: underline;\"><span style=\"font-size: 14pt;\"><a href=\"http:\/\/asso-ocytocines.com\/fr\/cours-individuel-voix-chant\/\">cours particuliers<\/a><\/span><\/span><\/strong><\/span><\/span><\/p>\n<p><span style=\"font-size: 12pt;\">\u25ba\u25ba Info et inscription : <strong>06 12 24 95 19<\/strong><\/span><\/p>\n<p>&nbsp;<\/p>\n<p><iframe loading=\"lazy\" src=\"https:\/\/www.youtube.com\/embed\/814UmhEyYj8\" width=\"560\" height=\"315\" frameborder=\"0\" allowfullscreen=\"allowfullscreen\"><\/iframe><\/p>\n<p style=\"text-align: right;\">&gt; <a href=\"http:\/\/asso-ocytocines.com\/fr\/atelier-chant-ado-12-17-ans\/\">Atelier CHANT Ado <\/a>\/ <a href=\"http:\/\/asso-ocytocines.com\/fr\/atelier-chant-libre\/\">Atelier VOIX\/CHANT adulte<\/a><\/p>\n","protected":false},"excerpt":{"rendered":"<p>DES MOTS \u00c0 L\u2019\u00c9MOTION : \u00e9crire, composer, interpr\u00e9ter et co-cr\u00e9er un cabaret ! Envie \u00ab\u00a0d\u2019\u00e9crire \u00e0 l\u2019oral\u00a0\u00bb, de dire sur musique ou de chanter ses textes accompagn\u00e9 \u00e0 la guitare\u2026 Cet atelier vous propose d\u2019explorer le chemin de l\u2019\u00e9criture du &hellip; <a href=\"https:\/\/asso-ocytocines.com\/fr\/chanson-slam\/\">Lire la suite\u00ad\u00ad<\/a><\/p>\n","protected":false},"author":1,"featured_media":1046,"comment_status":"open","ping_status":"open","sticky":false,"template":"","format":"standard","meta":{"kt_blocks_editor_width":"","footnotes":""},"categories":[8],"tags":[],"class_list":["post-1","post","type-post","status-publish","format-standard","has-post-thumbnail","hentry","category-chant"],"_links":{"self":[{"href":"https:\/\/asso-ocytocines.com\/fr\/wp-json\/wp\/v2\/posts\/1","targetHints":{"allow":["GET"]}}],"collection":[{"href":"https:\/\/asso-ocytocines.com\/fr\/wp-json\/wp\/v2\/posts"}],"about":[{"href":"https:\/\/asso-ocytocines.com\/fr\/wp-json\/wp\/v2\/types\/post"}],"author":[{"embeddable":true,"href":"https:\/\/asso-ocytocines.com\/fr\/wp-json\/wp\/v2\/users\/1"}],"replies":[{"embeddable":true,"href":"https:\/\/asso-ocytocines.com\/fr\/wp-json\/wp\/v2\/comments?post=1"}],"version-history":[{"count":50,"href":"https:\/\/asso-ocytocines.com\/fr\/wp-json\/wp\/v2\/posts\/1\/revisions"}],"predecessor-version":[{"id":2258,"href":"https:\/\/asso-ocytocines.com\/fr\/wp-json\/wp\/v2\/posts\/1\/revisions\/2258"}],"wp:featuredmedia":[{"embeddable":true,"href":"https:\/\/asso-ocytocines.com\/fr\/wp-json\/wp\/v2\/media\/1046"}],"wp:attachment":[{"href":"https:\/\/asso-ocytocines.com\/fr\/wp-json\/wp\/v2\/media?parent=1"}],"wp:term":[{"taxonomy":"category","embeddable":true,"href":"https:\/\/asso-ocytocines.com\/fr\/wp-json\/wp\/v2\/categories?post=1"},{"taxonomy":"post_tag","embeddable":true,"href":"https:\/\/asso-ocytocines.com\/fr\/wp-json\/wp\/v2\/tags?post=1"}],"curies":[{"name":"wp","href":"https:\/\/api.w.org\/{rel}","templated":true}]}}