{"id":3613,"date":"2025-01-21T15:06:27","date_gmt":"2025-01-21T14:06:27","guid":{"rendered":"https:\/\/asso-ocytocines.com\/fr\/?p=3613"},"modified":"2025-01-21T15:30:26","modified_gmt":"2025-01-21T14:30:26","slug":"conference-participative-sur-la-voix-et-le-chant-2","status":"publish","type":"post","link":"https:\/\/asso-ocytocines.com\/fr\/conference-participative-sur-la-voix-et-le-chant-2\/","title":{"rendered":"Conf\u00e9rence Participative sur la Voix et le Chant"},"content":{"rendered":"\n<h2 class=\"wp-block-heading\">Conf\u00e9rence : Comment fonctionne la Voix ?<\/h2>\n\n\n\n<h4 class=\"wp-block-heading\"><mark style=\"background-color:rgba(0, 0, 0, 0);color:#ba4e88\" class=\"has-inline-color\">\u00ab Cette performance originale, entre conf\u00e9rence, spectacle et atelier permet aux spectACTEURS, chanteurs ou non,de prendre plaisir \u00e0 d\u00e9couvrir comment fonctionne la Voix, jouer avec les propositions d\u2019exploration et chanter en groupe. \u00bb<\/mark><\/h4>\n\n\n\n<figure class=\"wp-block-image size-full\"><a href=\"http:\/\/asso-ocytocines.com\/fr\/wp-content\/uploads\/2018\/10\/conf-general.jpg\"><img loading=\"lazy\" decoding=\"async\" width=\"1000\" height=\"394\" src=\"http:\/\/asso-ocytocines.com\/fr\/wp-content\/uploads\/2018\/10\/conf-general.jpg\" alt=\"Conf\u00e9rence Voix et Chant comment fonctionne la Voix ?\" class=\"wp-image-1598\" srcset=\"https:\/\/asso-ocytocines.com\/fr\/wp-content\/uploads\/2018\/10\/conf-general.jpg 1000w, https:\/\/asso-ocytocines.com\/fr\/wp-content\/uploads\/2018\/10\/conf-general-300x118.jpg 300w, https:\/\/asso-ocytocines.com\/fr\/wp-content\/uploads\/2018\/10\/conf-general-768x303.jpg 768w\" sizes=\"auto, (max-width: 1000px) 100vw, 1000px\" \/><\/a><\/figure>\n\n\n\n<hr class=\"wp-block-separator has-alpha-channel-opacity is-style-wide\"\/>\n\n\n\n<p><strong>Anim\u00e9 par Laetitia Dhainault ,dipl\u00f4m\u00e9e professeur de Technique Vocale et de Chant <\/strong>(Titre RNCP niveau 6 \u2013 bac+3) \u2013 Technique Vocale selon l\u2019approche \u00ab Chant Voix &amp; Corps \u00bb et Formatrice \u2013 <a href=\"https:\/\/asso-ocytocines.com\/fr\/qui-suis-je\/\">voir rubrique qui suis-je<\/a><\/p>\n\n\n\n<hr class=\"wp-block-separator has-alpha-channel-opacity is-style-wide\"\/>\n\n\n\n<h3 class=\"wp-block-heading\">Une conf\u00e9rence ludique et profonde sur la Voix<\/h3>\n\n\n\n<p><strong>Parler, chanter, murmurer, crier, rire, imiter\u2026<\/strong><br>La Voix est notre compagne de tous les jours : elle nous permet de communiquer, elle refl\u00e8te nos \u00e9motions, notre personnalit\u00e9\u2026 elle exprime !<br>A la fois sociale et intime, la Voix est pour certains un outil de travail et surtout un magnifique instrument de musique \u00e0 la disposition de tous.<br>Cette conf\u00e9rence, \u00e0 la fois ludique et profonde, permet de connaitre et explorer notre \u00ab Corps-Instrument \u00bb.<br>Vous \u00eates invit\u00e9s \u00e0 participer vocalement, guid\u00e9 par des propositions simples \u00e0 la port\u00e9e de tous. Ces explorations vocales seront l\u2019occasion de d\u00e9couvrir comment fonctionne notre Voix et partager le plaisir de chanter ensemble.<\/p>\n\n\n\n<hr class=\"wp-block-separator has-alpha-channel-opacity is-style-wide\"\/>\n\n\n\n<h3 class=\"wp-block-heading\">Au programme<\/h3>\n\n\n\n<ul class=\"wp-block-list\">\n<li><strong>D\u00e9couvrir : <\/strong>Anatomie participative et ludique \u00ab comment fonctionne notre voix ? \u00bb<\/li>\n\n\n\n<li><strong>Explorer : <\/strong>jeux vocaux et chanter ensemble<\/li>\n\n\n\n<li><strong>Voir : <\/strong>montage vid\u00e9o de 15 minutes \u00ab notre voix en image \u00bb<\/li>\n<\/ul>\n\n\n\n<hr class=\"wp-block-separator has-alpha-channel-opacity is-style-wide\"\/>\n\n\n\n<figure class=\"wp-block-embed is-type-video is-provider-youtube wp-block-embed-youtube wp-embed-aspect-16-9 wp-has-aspect-ratio\"><div class=\"wp-block-embed__wrapper\">\n<iframe loading=\"lazy\" title=\"Conference Interactive Voix et Chant - Asso ocytocines\" width=\"1140\" height=\"641\" src=\"https:\/\/www.youtube.com\/embed\/kmsEwV0sCeU?feature=oembed\" frameborder=\"0\" allow=\"accelerometer; autoplay; clipboard-write; encrypted-media; gyroscope; picture-in-picture; web-share\" referrerpolicy=\"strict-origin-when-cross-origin\" allowfullscreen><\/iframe>\n<\/div><\/figure>\n\n\n\n<hr class=\"wp-block-separator has-alpha-channel-opacity is-style-wide\"\/>\n\n\n\n<h3 class=\"wp-block-heading\">Fiche technique<\/h3>\n\n\n\n<ul class=\"wp-block-list\">\n<li><strong>PUBLIC : <\/strong>Tout public, il n\u2019est pas n\u00e9cessaire de savoir chanter !<\/li>\n\n\n\n<li><strong>DUR\u00c9E : <\/strong>1h30<\/li>\n\n\n\n<li><strong>MAT\u00c9RIEL N\u00c9CESSAIRE :<\/strong> un vid\u00e9oprojecteur , un \u00e9cran<\/li>\n\n\n\n<li><strong>En cas de lieu de plus de 30 personnes :  <\/strong>une sono + un micro (micro casque de pr\u00e9f\u00e9rence)<\/li>\n\n\n\n<li><strong>SC\u00c8NE en hauteur <\/strong>si possible, Lumi\u00e8res : sc\u00e8ne + \u00bd p\u00e9nombre public<\/li>\n<\/ul>\n\n\n\n<hr class=\"wp-block-separator has-alpha-channel-opacity is-style-wide\"\/>\n\n\n\n<h3 class=\"wp-block-heading has-text-align-center\">Tarif sur devis : 06 12 24 95 19 ou <a href=\"mailto:asso.ocytocines@gmail.com\">asso.ocytocines@gmail.com<\/a><\/h3>\n\n\n\n<p class=\"has-text-align-center\"><strong>La conf\u00e9rence peut \u00eatre accompagn\u00e9es d\u2019un Stage \u00ab\u00a0Voix et Chant\u00a0\u00bb<\/strong><\/p>\n\n\n\n<hr class=\"wp-block-separator has-alpha-channel-opacity is-style-wide\"\/>\n\n\n\n<figure class=\"wp-block-image size-full\"><a href=\"http:\/\/asso-ocytocines.com\/fr\/wp-content\/uploads\/2019\/06\/conf\u00e9rence-participative-bandeau.jpg\"><img loading=\"lazy\" decoding=\"async\" width=\"820\" height=\"271\" src=\"http:\/\/asso-ocytocines.com\/fr\/wp-content\/uploads\/2019\/06\/conf\u00e9rence-participative-bandeau.jpg\" alt=\"\" class=\"wp-image-1832\" srcset=\"https:\/\/asso-ocytocines.com\/fr\/wp-content\/uploads\/2019\/06\/conf\u00e9rence-participative-bandeau.jpg 820w, https:\/\/asso-ocytocines.com\/fr\/wp-content\/uploads\/2019\/06\/conf\u00e9rence-participative-bandeau-300x99.jpg 300w, https:\/\/asso-ocytocines.com\/fr\/wp-content\/uploads\/2019\/06\/conf\u00e9rence-participative-bandeau-768x254.jpg 768w\" sizes=\"auto, (max-width: 820px) 100vw, 820px\" \/><\/a><\/figure>\n\n\n\n<hr class=\"wp-block-separator has-alpha-channel-opacity is-style-wide\"\/>\n\n\n\n<h2 class=\"wp-block-heading\">Cette conf\u00e9rence peut se produire dans un th\u00e9\u00e2tre, une m\u00e9diath\u00e8que, un lieu culturel, un festival&#8230;<\/h2>\n\n\n\n<p>2024 : CLAP lod\u00e8ve<br>2023 : Th\u00e9\u00e2tre &#8211; M\u00e9diath\u00e8que Georges Sand \u00e0 Villeneuve les Maguelones<br>2023 :\u00a0Montpellier chez des particuliers \u00e0 19h<br>2022 : Festival Yoniversel !<br>2021 : CLAP Lod\u00e8ve\u00a0<br>2020 : Meze &#8211; centre bien-\u00eatre<br>2019 : Th\u00e9\u00e2tre pour H\u00f4pital de Millau<br>2019 : Festival Terre de Convergences<\/p>\n\n\n\n\n\n\n\n\n","protected":false},"excerpt":{"rendered":"<p>Conf\u00e9rence : Comment fonctionne la Voix ? \u00ab Cette performance originale, entre conf\u00e9rence, spectacle et atelier permet aux spectACTEURS, chanteurs ou non,de prendre plaisir \u00e0 d\u00e9couvrir comment fonctionne la Voix, jouer avec les propositions d\u2019exploration et chanter en groupe. \u00bb &hellip; <a href=\"https:\/\/asso-ocytocines.com\/fr\/conference-participative-sur-la-voix-et-le-chant-2\/\">Lire la suite\u00ad\u00ad<\/a><\/p>\n","protected":false},"author":1,"featured_media":1832,"comment_status":"closed","ping_status":"open","sticky":false,"template":"","format":"standard","meta":{"kt_blocks_editor_width":"","footnotes":""},"categories":[1],"tags":[128,120,121,122,124,130,123,126,129,127,125],"class_list":["post-3613","post","type-post","status-publish","format-standard","has-post-thumbnail","hentry","category-non-classe","tag-anatomie-voix","tag-chant","tag-conference","tag-conference-chant","tag-conference-fonctionnement-voix","tag-conference-jeux-vocaux","tag-conference-voix","tag-interatif","tag-jeux-vocaux","tag-video-anatomie","tag-voix"],"_links":{"self":[{"href":"https:\/\/asso-ocytocines.com\/fr\/wp-json\/wp\/v2\/posts\/3613","targetHints":{"allow":["GET"]}}],"collection":[{"href":"https:\/\/asso-ocytocines.com\/fr\/wp-json\/wp\/v2\/posts"}],"about":[{"href":"https:\/\/asso-ocytocines.com\/fr\/wp-json\/wp\/v2\/types\/post"}],"author":[{"embeddable":true,"href":"https:\/\/asso-ocytocines.com\/fr\/wp-json\/wp\/v2\/users\/1"}],"replies":[{"embeddable":true,"href":"https:\/\/asso-ocytocines.com\/fr\/wp-json\/wp\/v2\/comments?post=3613"}],"version-history":[{"count":11,"href":"https:\/\/asso-ocytocines.com\/fr\/wp-json\/wp\/v2\/posts\/3613\/revisions"}],"predecessor-version":[{"id":3633,"href":"https:\/\/asso-ocytocines.com\/fr\/wp-json\/wp\/v2\/posts\/3613\/revisions\/3633"}],"wp:featuredmedia":[{"embeddable":true,"href":"https:\/\/asso-ocytocines.com\/fr\/wp-json\/wp\/v2\/media\/1832"}],"wp:attachment":[{"href":"https:\/\/asso-ocytocines.com\/fr\/wp-json\/wp\/v2\/media?parent=3613"}],"wp:term":[{"taxonomy":"category","embeddable":true,"href":"https:\/\/asso-ocytocines.com\/fr\/wp-json\/wp\/v2\/categories?post=3613"},{"taxonomy":"post_tag","embeddable":true,"href":"https:\/\/asso-ocytocines.com\/fr\/wp-json\/wp\/v2\/tags?post=3613"}],"curies":[{"name":"wp","href":"https:\/\/api.w.org\/{rel}","templated":true}]}}