{"id":108,"count":1,"description":"","link":"https:\/\/asso-ocytocines.com\/fr\/Associationocytocines,Lod\u00e8ve,lien,massage,chant,voix,CLAP,CLAPLod\u00e8ve,QuaidelaVoix,chanson,expressioncorporel,ateliersdelajoie,danse,groupedeparole,groupedemassage,sortir\u00e0lod\u00e8ve,agendasortir\u00e0lod\u00e8ve,activit\u00e9s,sortiesinsolites,sortiesinsoliteslod\u00e8ve\/chanter-et-saccompagner-au-ukulelel\/","name":"chanter et s'accompagner au ukul\u00e9l\u00e9l","slug":"chanter-et-saccompagner-au-ukulelel","taxonomy":"post_tag","meta":[],"_links":{"self":[{"href":"https:\/\/asso-ocytocines.com\/fr\/wp-json\/wp\/v2\/tags\/108","targetHints":{"allow":["GET"]}}],"collection":[{"href":"https:\/\/asso-ocytocines.com\/fr\/wp-json\/wp\/v2\/tags"}],"about":[{"href":"https:\/\/asso-ocytocines.com\/fr\/wp-json\/wp\/v2\/taxonomies\/post_tag"}],"wp:post_type":[{"href":"https:\/\/asso-ocytocines.com\/fr\/wp-json\/wp\/v2\/posts?tags=108"}],"curies":[{"name":"wp","href":"https:\/\/api.w.org\/{rel}","templated":true}]}}